{"id":6724,"date":"2021-04-29T22:05:07","date_gmt":"2021-04-29T20:05:07","guid":{"rendered":"https:\/\/konfliktraadet.no\/uncategorized-nn\/hva-skjer-i-et-meklingsmote\/"},"modified":"2021-06-11T13:36:23","modified_gmt":"2021-06-11T11:36:23","slug":"hva-skjer-i-et-meklingsmote","status":"publish","type":"post","link":"https:\/\/konfliktraadet.no\/nn\/meklingsmote-nn\/hva-skjer-i-et-meklingsmote\/","title":{"rendered":"Kva skjer i eit meklingsm\u00f8te?"},"content":{"rendered":"<div class=\"wpb-content-wrapper\"><p>[vc_section][vc_row][vc_column width=\"2\/3\"][vc_column_text]I m\u00f8tet snakkar vi om det som har skjedd (fortid), korleis situasjonen er i dag (notid) og korleis partane \u00f8nsker det skal bli (framtid). M\u00e5let for m\u00f8tet er at alle skal f\u00e5 innsikt i kvarandres handlingar, meiningar og kjensler.<\/p>\n<p>Dei fleste m\u00f8ta varer fr\u00e5 1- 3 timar. M\u00f8test leiast av 1\u20132 meklarar. Desse har tausheitsplikt.<\/p>\n<p>Alt er frivillig i konfliktr\u00e5det. Det er m\u00f8tedeltakarane \u2013 og ikkje meklaren \u2013 som bestemmer kva som skal st\u00e5 i ein eventuell avtale, og det er frivillig om du vil inng\u00e5 ein avtale eller ikkje. Meklarane skal likevel godkjenne avtalen straffesaker er det to vekers angrefrist p\u00e5 avtalen, mens i sivile saker m\u00e5 de sj\u00f8lv avtale ein angrefrist viss de \u00f8nsker det.<\/p>\n<p>Det er tausheitsplikt for alle som er med. Ingen skal fortelje kva som skjer i m\u00f8tet. Form\u00e5let med tausheitsplikta er at alle skal kunne snakke fritt og f\u00f8le seg trygge p\u00e5 at det som blir sagt ikkje kjem vidare \u2013 utan at partane sj\u00f8lv gjer ein avtale om det.[\/vc_column_text][\/vc_column][vc_column width=\"1\/3\"]<div class=\"calltoaction\"><a class=\" button white  \" href=\"https:\/\/konfliktraadet.no\/meklingsmote\/hva-skjer-for-eit-meklingsmote\/\" title=\"Hva skjer F\u00d8R eit meklingsm\u00f8te?\" ><span class='text'>Hva skjer F\u00d8R eit meklingsm\u00f8te?<\/span><\/a><\/div><div class=\"calltoaction\"><a class=\" button white  \" href=\"https:\/\/konfliktraadet.no\/meklingsmote\/hva-skjer-etter-eit-meklingsmote\/\" title=\"Hva skjer ETTER eit meklingsm\u00f8te?\" ><span class='text'>Hva skjer ETTER eit meklingsm\u00f8te?<\/span><\/a><\/div><div class=\"wpb-content-wrapper\"><p>[vc_row bwd_tbc4vd_show_weekday=\"\"][vc_column]<div class=\"calltoaction\"><a class=\" button blue icon-left  \" href=\"\/finn-ditt-konfliktrad\/\" title=\"Finn ditt konfliktr\u00e5d\" ><span class='icon'><\/span><span class='text'>Finn ditt konfliktr\u00e5d<\/span><\/a><\/div><div class=\"spacer-fa55381ee330c746532ac627fcb4a2c1\" style=\"\"><\/div><style>@media (min-width: 320px) { .spacer-fa55381ee330c746532ac627fcb4a2c1{ height: 15px;}}@media (min-width: 767px) { .spacer-fa55381ee330c746532ac627fcb4a2c1{ height: 15px;}}@media (min-width: 979px) { .spacer-fa55381ee330c746532ac627fcb4a2c1{ height: 15px;}}@media (min-width: 1200px) { .spacer-fa55381ee330c746532ac627fcb4a2c1{ height: 15px;}}<\/style><div class=\"calltoaction\"><a class=\" button blue icon-left right \" href=\"https:\/\/konfliktraadet.no\/meld-inn-sak-til-konfliktradet\/\" title=\"Send inn sak til konfliktr\u00e5det\" ><span class='icon'><\/span><span class='text'>Send inn sak til konfliktr\u00e5det<\/span><\/a><\/div>[\/vc_column][\/vc_row][vc_row][vc_column]<div class=\"spacer-d1b251d1daa0a75d9e8ac5c1a6e204112\" style=\"\"><\/div><style>@media (min-width: 320px) { .spacer-d1b251d1daa0a75d9e8ac5c1a6e204112{ height: 40px;}}@media (min-width: 767px) { .spacer-d1b251d1daa0a75d9e8ac5c1a6e204112{ height: 40px;}}@media (min-width: 979px) { .spacer-d1b251d1daa0a75d9e8ac5c1a6e204112{ height: 26px;}}@media (min-width: 1200px) { .spacer-d1b251d1daa0a75d9e8ac5c1a6e204112{ height: 26px;}}<\/style>[\/vc_column][\/vc_row]<\/p>\n<\/div>[\/vc_column][\/vc_row][\/vc_section]<\/p>\n<\/div>","protected":false},"excerpt":{"rendered":"I m\u00f8tet snakkar vi om det som har skjedd (fortid), korleis situasjonen er i dag (notid) og korleis partane \u00f8nsker det skal bli (framtid). M\u00e5let for m\u00f8tet er at alle skal f\u00e5 innsikt i kvarandres","protected":false},"author":18,"featured_media":4750,"comment_status":"closed","ping_status":"closed","sticky":false,"template":"","format":"standard","meta":{"_acf_changed":false,"_relevanssi_hide_post":"","_relevanssi_hide_content":"","_relevanssi_pin_for_all":"","_relevanssi_pin_keywords":"","_relevanssi_unpin_keywords":"","_relevanssi_related_keywords":"","_relevanssi_related_include_ids":"","_relevanssi_related_exclude_ids":"","_relevanssi_related_no_append":"","_relevanssi_related_not_related":"","_relevanssi_related_posts":"","_relevanssi_noindex_reason":"","inline_featured_image":false,"footnotes":""},"categories":[668],"tags":[],"class_list":["post-6724","post","type-post","status-publish","format-standard","has-post-thumbnail","hentry","category-meklingsmote-nn"],"acf":[],"publishpress_future_action":{"enabled":false,"date":"2026-05-04 18:32:08","action":"change-status","newStatus":"draft","terms":[],"taxonomy":"category"},"publishpress_future_workflow_manual_trigger":{"enabledWorkflows":[]},"_links":{"self":[{"href":"https:\/\/konfliktraadet.no\/nn\/wp-json\/wp\/v2\/posts\/6724","targetHints":{"allow":["GET"]}}],"collection":[{"href":"https:\/\/konfliktraadet.no\/nn\/wp-json\/wp\/v2\/posts"}],"about":[{"href":"https:\/\/konfliktraadet.no\/nn\/wp-json\/wp\/v2\/types\/post"}],"author":[{"embeddable":true,"href":"https:\/\/konfliktraadet.no\/nn\/wp-json\/wp\/v2\/users\/18"}],"replies":[{"embeddable":true,"href":"https:\/\/konfliktraadet.no\/nn\/wp-json\/wp\/v2\/comments?post=6724"}],"version-history":[{"count":0,"href":"https:\/\/konfliktraadet.no\/nn\/wp-json\/wp\/v2\/posts\/6724\/revisions"}],"wp:featuredmedia":[{"embeddable":true,"href":"https:\/\/konfliktraadet.no\/nn\/wp-json\/wp\/v2\/media\/4750"}],"wp:attachment":[{"href":"https:\/\/konfliktraadet.no\/nn\/wp-json\/wp\/v2\/media?parent=6724"}],"wp:term":[{"taxonomy":"category","embeddable":true,"href":"https:\/\/konfliktraadet.no\/nn\/wp-json\/wp\/v2\/categories?post=6724"},{"taxonomy":"post_tag","embeddable":true,"href":"https:\/\/konfliktraadet.no\/nn\/wp-json\/wp\/v2\/tags?post=6724"}],"curies":[{"name":"wp","href":"https:\/\/api.w.org\/{rel}","templated":true}]}}